{"id":8857,"date":"2019-05-17T10:45:43","date_gmt":"2019-05-17T08:45:43","guid":{"rendered":"http:\/\/claudeyacoub.com\/?p=8857"},"modified":"2019-05-17T16:11:47","modified_gmt":"2019-05-17T14:11:47","slug":"cafe-citoyen-8","status":"publish","type":"post","link":"https:\/\/claudeyacoub.com\/index.php\/2019\/05\/17\/cafe-citoyen-8\/","title":{"rendered":"Caf\u00e9 citoyen 8"},"content":{"rendered":"<p><img decoding=\"async\" loading=\"lazy\" class=\"alignnone wp-image-9063 size-medium\" src=\"http:\/\/claudeyacoub.com\/wp-content\/uploads\/2019\/05\/CC8-image1-221x300.jpg\" alt=\"\" width=\"221\" height=\"300\" srcset=\"https:\/\/claudeyacoub.com\/wp-content\/uploads\/2019\/05\/CC8-image1-221x300.jpg 221w, https:\/\/claudeyacoub.com\/wp-content\/uploads\/2019\/05\/CC8-image1.jpg 500w\" sizes=\"(max-width: 221px) 100vw, 221px\" \/><\/p>\n<p><strong>#8 \u2013 Projet de la Maison de Palmyre<\/strong><br \/>\nParis, 16 septembre 2016<\/p>\n<p>&nbsp;<\/p>\n<p><strong>Soir\u00e9e pr\u00e9sent\u00e9e et encadr\u00e9e par Mohamad Taha, arch\u00e9ologue et co-anim\u00e9e par Rafif Rifai, artiste plasticienne, p\u00e9dagogue<\/strong> ; tous deux signataires de l\u2019Universit\u00e9 Populaire Syrienne<\/p>\n<p>&nbsp;<\/p>\n<p><strong>Projet de la Maison de Palmyre<\/strong><\/p>\n<p>C\u2019est le dessein d\u2019une association (Maison de Palmyre) qui a pour but d\u2019encadrer la soci\u00e9t\u00e9 civile de cette cit\u00e9 mill\u00e9naire, pour la faire \u00e9voluer et la former et ainsi la rendre capable de la reconstruire \u00e0 tous les niveaux. Cette reconstruction ne visant pas seulement (que) le mat\u00e9riel, mais bien tous les aspects vitaux de cette cit\u00e9 et de son environnement. Le plus important \u00e9tant la reconstruction de l\u2019humain et plus particuli\u00e8rement la g\u00e9n\u00e9ration des enfants, qui demeure aujourd\u2019hui la grande perdante dans ce contexte actuel.<br \/>\nCe projet \u00e9tait au d\u00e9part le r\u00eave d\u2019un groupe de jeunes enfants de la ville, projet maintenant port\u00e9 et men\u00e9 par les volont\u00e9s et \u00e9nergies de ses habitants ainsi que celles d\u2019amis ou d\u2019individus ayant aim\u00e9 cette ville pour ses monuments historiques et aussi pour ses habitants.<br \/>\nAujourd\u2019hui &#8211; apr\u00e8s la destruction de la ville et le d\u00e9placement massif de ses habitants, et les cons\u00e9quences attendues de la ruine et de cette dispersion, qui ont atteint l\u2019individu Tadmorien, \u00e0 tel point que son identit\u00e9 est vraiment menac\u00e9e de disparition &#8211; nous pensons que la ville a besoin plus que jamais du retour de ce r\u00eave et qu\u2019il est urgent de le transformer en une r\u00e9alit\u00e9 imminente.<\/p>\n<p><strong>Programme de la soir\u00e9e<\/strong><br \/>\n&#8211; Introduction avec une pr\u00e9sentation de la ville de Palmyre : cartographie, images du quotidien, les palmyriens, &#8230;<br \/>\n&#8211; Pr\u00e9sentation du projet de la Maison de Palmyre : historique, membres, partenaires, projets, objectif, &#8230;<br \/>\n&#8211; Tours de tables.<br \/>\n&#8211; Conclusions.<\/p>\n<p>&nbsp;<\/p>\n<hr \/>\n<p>&nbsp;<\/p>\n<p><strong>T\u00e9l\u00e9charger les documents suivants<\/strong><\/p>\n<p><a href=\"http:\/\/claudeyacoub.com\/wp-content\/uploads\/2019\/05\/CC8-Flyer.pdf\" target=\"_blank\" rel=\"noopener noreferrer\">Flyer<\/a> (PDF &#8211; Mo)<\/p>\n<p><a href=\"http:\/\/claudeyacoub.com\/wp-content\/uploads\/2019\/05\/CC8-Conducteur.pdf\" target=\"_blank\" rel=\"noopener noreferrer\">Conducteur<\/a> (PDF &#8211; Mo)<\/p>\n<p>&nbsp;<\/p>\n<hr \/>\n<p>&nbsp;<\/p>\n<div data-carousel-extra='{\"blog_id\":1,\"permalink\":\"https:\\\/\\\/claudeyacoub.com\\\/index.php\\\/2019\\\/05\\\/17\\\/cafe-citoyen-8\\\/\"}' class=\"tiled-gallery type-rectangular\" data-original-width=\"1920\"><div class=\"gallery-row\" style=\"width: 1915px; height: 954px;\"><div class=\"gallery-group images-1\" style=\"width: 1277px; height: 958px;\"><div class=\"tiled-gallery-item tiled-gallery-item-large\"><a href=\"https:\/\/claudeyacoub.com\/cc8-1\/\"><img data-attachment-id=\"9056\" data-orig-file=\"https:\/\/claudeyacoub.com\/wp-content\/uploads\/2019\/05\/CC8-1.jpg\" data-orig-size=\"567,425\" data-comments-opened=\"0\" data-image-meta=\"{&quot;aperture&quot;:&quot;0&quot;,&quot;credit&quot;:&quot;&quot;,&quot;camera&quot;:&quot;&quot;,&quot;caption&quot;:&quot;&quot;,&quot;created_timestamp&quot;:&quot;0&quot;,&quot;copyright&quot;:&quot;&quot;,&quot;focal_length&quot;:&quot;0&quot;,&quot;iso&quot;:&quot;0&quot;,&quot;shutter_speed&quot;:&quot;0&quot;,&quot;title&quot;:&quot;&quot;,&quot;orientation&quot;:&quot;1&quot;}\" data-image-title=\"CC8-1\" data-image-description=\"\" data-medium-file=\"https:\/\/claudeyacoub.com\/wp-content\/uploads\/2019\/05\/CC8-1-300x225.jpg\" data-large-file=\"https:\/\/claudeyacoub.com\/wp-content\/uploads\/2019\/05\/CC8-1.jpg\" src=\"https:\/\/claudeyacoub.com\/wp-content\/uploads\/2019\/05\/CC8-1.jpg\" width=\"1273\" height=\"954\" align=\"left\" title=\"CC8-1\" \/><\/a><\/div><\/div><div class=\"gallery-group images-2\" style=\"width: 638px; height: 958px;\"><div class=\"tiled-gallery-item tiled-gallery-item-large\"><a href=\"https:\/\/claudeyacoub.com\/cc8-2\/\"><img data-attachment-id=\"9057\" data-orig-file=\"https:\/\/claudeyacoub.com\/wp-content\/uploads\/2019\/05\/CC8-2.jpg\" data-orig-size=\"567,425\" data-comments-opened=\"0\" data-image-meta=\"{&quot;aperture&quot;:&quot;0&quot;,&quot;credit&quot;:&quot;&quot;,&quot;camera&quot;:&quot;&quot;,&quot;caption&quot;:&quot;&quot;,&quot;created_timestamp&quot;:&quot;0&quot;,&quot;copyright&quot;:&quot;&quot;,&quot;focal_length&quot;:&quot;0&quot;,&quot;iso&quot;:&quot;0&quot;,&quot;shutter_speed&quot;:&quot;0&quot;,&quot;title&quot;:&quot;&quot;,&quot;orientation&quot;:&quot;1&quot;}\" data-image-title=\"CC8-2\" data-image-description=\"\" data-medium-file=\"https:\/\/claudeyacoub.com\/wp-content\/uploads\/2019\/05\/CC8-2-300x225.jpg\" data-large-file=\"https:\/\/claudeyacoub.com\/wp-content\/uploads\/2019\/05\/CC8-2.jpg\" src=\"https:\/\/claudeyacoub.com\/wp-content\/uploads\/2019\/05\/CC8-2.jpg\" width=\"634\" height=\"475\" align=\"left\" title=\"CC8-2\" \/><\/a><\/div><div class=\"tiled-gallery-item tiled-gallery-item-large\"><a href=\"https:\/\/claudeyacoub.com\/cc8-3\/\"><img data-attachment-id=\"9058\" data-orig-file=\"https:\/\/claudeyacoub.com\/wp-content\/uploads\/2019\/05\/CC8-3.jpg\" data-orig-size=\"567,425\" data-comments-opened=\"0\" data-image-meta=\"{&quot;aperture&quot;:&quot;0&quot;,&quot;credit&quot;:&quot;&quot;,&quot;camera&quot;:&quot;&quot;,&quot;caption&quot;:&quot;&quot;,&quot;created_timestamp&quot;:&quot;0&quot;,&quot;copyright&quot;:&quot;&quot;,&quot;focal_length&quot;:&quot;0&quot;,&quot;iso&quot;:&quot;0&quot;,&quot;shutter_speed&quot;:&quot;0&quot;,&quot;title&quot;:&quot;&quot;,&quot;orientation&quot;:&quot;1&quot;}\" data-image-title=\"CC8-3\" data-image-description=\"\" data-medium-file=\"https:\/\/claudeyacoub.com\/wp-content\/uploads\/2019\/05\/CC8-3-300x225.jpg\" data-large-file=\"https:\/\/claudeyacoub.com\/wp-content\/uploads\/2019\/05\/CC8-3.jpg\" src=\"https:\/\/claudeyacoub.com\/wp-content\/uploads\/2019\/05\/CC8-3.jpg\" width=\"634\" height=\"475\" align=\"left\" title=\"CC8-3\" \/><\/a><\/div><\/div><\/div><div class=\"gallery-row\" style=\"width: 1915px; height: 1436px;\"><div class=\"gallery-group images-1\" style=\"width: 1915px; height: 1440px;\"><div class=\"tiled-gallery-item tiled-gallery-item-large\"><a href=\"https:\/\/claudeyacoub.com\/index.php\/2019\/05\/17\/cafe-citoyen-8\/cc8-4\/\"><img data-attachment-id=\"9059\" data-orig-file=\"https:\/\/claudeyacoub.com\/wp-content\/uploads\/2019\/05\/CC8-4.jpg\" data-orig-size=\"567,426\" data-comments-opened=\"0\" data-image-meta=\"{&quot;aperture&quot;:&quot;0&quot;,&quot;credit&quot;:&quot;&quot;,&quot;camera&quot;:&quot;&quot;,&quot;caption&quot;:&quot;&quot;,&quot;created_timestamp&quot;:&quot;0&quot;,&quot;copyright&quot;:&quot;&quot;,&quot;focal_length&quot;:&quot;0&quot;,&quot;iso&quot;:&quot;0&quot;,&quot;shutter_speed&quot;:&quot;0&quot;,&quot;title&quot;:&quot;&quot;,&quot;orientation&quot;:&quot;1&quot;}\" data-image-title=\"CC8-4\" data-image-description=\"\" data-medium-file=\"https:\/\/claudeyacoub.com\/wp-content\/uploads\/2019\/05\/CC8-4-300x225.jpg\" data-large-file=\"https:\/\/claudeyacoub.com\/wp-content\/uploads\/2019\/05\/CC8-4.jpg\" src=\"https:\/\/claudeyacoub.com\/wp-content\/uploads\/2019\/05\/CC8-4.jpg\" width=\"1911\" height=\"1436\" align=\"left\" title=\"CC8-4\" \/><\/a><\/div><\/div><\/div><\/div>\n","protected":false},"excerpt":{"rendered":"<p>#8 \u2013 Projet de la Maison de Palmyre Paris, 16 septembre 2016 &nbsp; Soir\u00e9e pr\u00e9sent\u00e9e et encadr\u00e9e par Mohamad Taha, arch\u00e9ologue et co-anim\u00e9e par Rafif&hellip; <\/p>\n","protected":false},"author":1,"featured_media":0,"comment_status":"closed","ping_status":"closed","sticky":false,"template":"","format":"standard","meta":{"pgc_sgb_lightbox_settings":"","footnotes":""},"categories":[1],"tags":[],"_links":{"self":[{"href":"https:\/\/claudeyacoub.com\/index.php\/wp-json\/wp\/v2\/posts\/8857"}],"collection":[{"href":"https:\/\/claudeyacoub.com\/index.php\/wp-json\/wp\/v2\/posts"}],"about":[{"href":"https:\/\/claudeyacoub.com\/index.php\/wp-json\/wp\/v2\/types\/post"}],"author":[{"embeddable":true,"href":"https:\/\/claudeyacoub.com\/index.php\/wp-json\/wp\/v2\/users\/1"}],"replies":[{"embeddable":true,"href":"https:\/\/claudeyacoub.com\/index.php\/wp-json\/wp\/v2\/comments?post=8857"}],"version-history":[{"count":5,"href":"https:\/\/claudeyacoub.com\/index.php\/wp-json\/wp\/v2\/posts\/8857\/revisions"}],"predecessor-version":[{"id":9067,"href":"https:\/\/claudeyacoub.com\/index.php\/wp-json\/wp\/v2\/posts\/8857\/revisions\/9067"}],"wp:attachment":[{"href":"https:\/\/claudeyacoub.com\/index.php\/wp-json\/wp\/v2\/media?parent=8857"}],"wp:term":[{"taxonomy":"category","embeddable":true,"href":"https:\/\/claudeyacoub.com\/index.php\/wp-json\/wp\/v2\/categories?post=8857"},{"taxonomy":"post_tag","embeddable":true,"href":"https:\/\/claudeyacoub.com\/index.php\/wp-json\/wp\/v2\/tags?post=8857"}],"curies":[{"name":"wp","href":"https:\/\/api.w.org\/{rel}","templated":true}]}}