{"id":8855,"date":"2019-05-17T10:45:11","date_gmt":"2019-05-17T08:45:11","guid":{"rendered":"http:\/\/claudeyacoub.com\/?p=8855"},"modified":"2019-05-17T15:59:50","modified_gmt":"2019-05-17T13:59:50","slug":"cafe-citoyen-7","status":"publish","type":"post","link":"https:\/\/claudeyacoub.com\/index.php\/2019\/05\/17\/cafe-citoyen-7\/","title":{"rendered":"Caf\u00e9 citoyen 7"},"content":{"rendered":"<p><img decoding=\"async\" loading=\"lazy\" class=\"alignnone wp-image-9045 size-medium\" src=\"http:\/\/claudeyacoub.com\/wp-content\/uploads\/2019\/05\/CC7-image2-225x300.jpg\" alt=\"\" width=\"225\" height=\"300\" srcset=\"https:\/\/claudeyacoub.com\/wp-content\/uploads\/2019\/05\/CC7-image2-225x300.jpg 225w, https:\/\/claudeyacoub.com\/wp-content\/uploads\/2019\/05\/CC7-image2.jpg 608w\" sizes=\"(max-width: 225px) 100vw, 225px\" \/><\/p>\n<p><strong>#7 \u2013 Nous, peuple syrien (volet 3) \u2013 \u00ab Young Syrians Lenses \u00bb<\/strong><br \/>\nLigue des droits de l&#8217;homme, Paris, 8 mars 2016<\/p>\n<p>&nbsp;<\/p>\n<p>En collaboration avec le <strong>Collectif des amis d\u2019Alep<\/strong> et dans le cadre de <strong>\u201cPorter la voix des journalistes d\u2019Alep\u201c<\/strong>.<br \/>\nEn pr\u00e9sence de <strong>quatre journalistes, citoyens-reporters de la ville d\u2019Alep<\/strong>, en visite en France :\u00a0<strong>Louai Abo Aljoud, Zein al-Rifai, Reem Fadel et Youcef Seddik<\/strong><\/p>\n<p>&nbsp;<\/p>\n<p><strong>Soir\u00e9e pr\u00e9sent\u00e9e et encadr\u00e9e par Claire A. Poinsignon et Marc Hakim, Signataires UPS <\/strong><\/p>\n<p>&nbsp;<\/p>\n<p>Quand la r\u00e9volution \u00e9clate en Syrie en mars 2011, la premi\u00e8re libert\u00e9 que les Syriens s&#8217;approprient est celle d\u2019informer dans un pays o\u00f9 tous les organes de presse sont totalement musel\u00e9s par un r\u00e9gime omnipr\u00e9sent.<\/p>\n<p>D\u00e8s les premiers rassemblements, les manifestants se filment et se photographient pour informer et faire conna\u00eetre la nature pacifique de leur mouvement, d&#8217;abord \u00e0 l\u2019int\u00e9rieur du pays puis \u00e0 l\u2019\u00e9tranger dans l\u2019espoir d\u2019obtenir un soutien de la communaut\u00e9 internationale. C&#8217;est ainsi qu&#8217;apparaissent de nombreux citoyens-reporters dont certains se sont professionnalis\u00e9s par la suite. Trois de nos invit\u00e9s ont suivi ce cursus \u00e0 mi-chemin entre apprentissage par n\u00e9cessit\u00e9 sur le tas et v\u00e9ritable formation professionnelle.<\/p>\n<p><strong>Programme de la soir\u00e9e<\/strong><\/p>\n<p>Pr\u00e9sentations d\u2019extraits du film documentaire \u00ab Young Syrian lenses \u00bb, des r\u00e9alisateurs italiens Ruben Lagattolla et Filippo Biagianti, film\u00e9 \u00e0 Alep (in\u00e9dit en France).<\/p>\n<p>T\u00e9moignages des quatre journalistes d\u2019Alep et discussion sur la question du journalisme citoyen en Syrie, la documentation et la m\u00e9moire de la r\u00e9volution.<\/p>\n<p>Tours de tables avec nos invit\u00e9s autour de trois questions cl\u00e9s :<br \/>\n&#8211; Le t\u00e9moignage, enracin\u00e9 dans la r\u00e9alit\u00e9 locale, aussi fort soit-il, suffit-il pour suivre un conflit devenu r\u00e9gional et global ?<br \/>\n&#8211; L\u2019exercice du journalisme citoyen dans la dur\u00e9e implique-t-il n\u00e9cessairement sa professionnalisation ou une autre voie est-elle envisageable pour am\u00e9liorer la s\u00e9curit\u00e9 et les conditions de vie et de travail des citoyens reporters ?<br \/>\n&#8211; Quel premier bilan tirer de l\u2019impact du journalisme citoyen sur la couverture de la r\u00e9volution et de la guerre, \u00e0 l\u2019int\u00e9rieur de la Syrie et hors de Syrie ?<\/p>\n<p>&nbsp;<\/p>\n<hr \/>\n<p>&nbsp;<\/p>\n<p><img decoding=\"async\" loading=\"lazy\" class=\"alignnone wp-image-9044 size-medium\" src=\"http:\/\/claudeyacoub.com\/wp-content\/uploads\/2019\/05\/CC7-image1-300x300.jpg\" alt=\"\" width=\"300\" height=\"300\" srcset=\"https:\/\/claudeyacoub.com\/wp-content\/uploads\/2019\/05\/CC7-image1-300x300.jpg 300w, https:\/\/claudeyacoub.com\/wp-content\/uploads\/2019\/05\/CC7-image1-150x150.jpg 150w, https:\/\/claudeyacoub.com\/wp-content\/uploads\/2019\/05\/CC7-image1-270x270.jpg 270w, https:\/\/claudeyacoub.com\/wp-content\/uploads\/2019\/05\/CC7-image1-230x230.jpg 230w, https:\/\/claudeyacoub.com\/wp-content\/uploads\/2019\/05\/CC7-image1.jpg 531w\" sizes=\"(max-width: 300px) 100vw, 300px\" \/><\/p>\n<p><strong>T\u00e9l\u00e9charger les documents suivants<\/strong><\/p>\n<p><a href=\"http:\/\/claudeyacoub.com\/wp-content\/uploads\/2019\/05\/CC7-Brochure.pdf\" target=\"_blank\" rel=\"noopener noreferrer\">Brochure<\/a> (PDF &#8211; 2,9 Mo)<\/p>\n<p><a href=\"http:\/\/claudeyacoub.com\/wp-content\/uploads\/2019\/05\/Conducteur-Cafe-UPS-7.pdf\" target=\"_blank\" rel=\"noopener noreferrer\">Conducteur<\/a> (PDF &#8211; 1 Mo)<\/p>\n<p>&nbsp;<\/p>\n<hr \/>\n<p>&nbsp;<\/p>\n<p><img decoding=\"async\" loading=\"lazy\" class=\"alignnone size-full wp-image-9044\" src=\"http:\/\/claudeyacoub.com\/wp-content\/uploads\/2019\/05\/CC7-image1.jpg\" alt=\"\" width=\"531\" height=\"531\" srcset=\"https:\/\/claudeyacoub.com\/wp-content\/uploads\/2019\/05\/CC7-image1.jpg 531w, https:\/\/claudeyacoub.com\/wp-content\/uploads\/2019\/05\/CC7-image1-150x150.jpg 150w, https:\/\/claudeyacoub.com\/wp-content\/uploads\/2019\/05\/CC7-image1-300x300.jpg 300w, https:\/\/claudeyacoub.com\/wp-content\/uploads\/2019\/05\/CC7-image1-270x270.jpg 270w, https:\/\/claudeyacoub.com\/wp-content\/uploads\/2019\/05\/CC7-image1-230x230.jpg 230w\" sizes=\"(max-width: 531px) 100vw, 531px\" \/><\/p>\n","protected":false},"excerpt":{"rendered":"<p>#7 \u2013 Nous, peuple syrien (volet 3) \u2013 \u00ab Young Syrians Lenses \u00bb Ligue des droits de l&#8217;homme, Paris, 8 mars 2016 &nbsp; En collaboration&hellip; <\/p>\n","protected":false},"author":1,"featured_media":0,"comment_status":"closed","ping_status":"closed","sticky":false,"template":"","format":"standard","meta":{"pgc_sgb_lightbox_settings":"","footnotes":""},"categories":[1],"tags":[],"_links":{"self":[{"href":"https:\/\/claudeyacoub.com\/index.php\/wp-json\/wp\/v2\/posts\/8855"}],"collection":[{"href":"https:\/\/claudeyacoub.com\/index.php\/wp-json\/wp\/v2\/posts"}],"about":[{"href":"https:\/\/claudeyacoub.com\/index.php\/wp-json\/wp\/v2\/types\/post"}],"author":[{"embeddable":true,"href":"https:\/\/claudeyacoub.com\/index.php\/wp-json\/wp\/v2\/users\/1"}],"replies":[{"embeddable":true,"href":"https:\/\/claudeyacoub.com\/index.php\/wp-json\/wp\/v2\/comments?post=8855"}],"version-history":[{"count":9,"href":"https:\/\/claudeyacoub.com\/index.php\/wp-json\/wp\/v2\/posts\/8855\/revisions"}],"predecessor-version":[{"id":9055,"href":"https:\/\/claudeyacoub.com\/index.php\/wp-json\/wp\/v2\/posts\/8855\/revisions\/9055"}],"wp:attachment":[{"href":"https:\/\/claudeyacoub.com\/index.php\/wp-json\/wp\/v2\/media?parent=8855"}],"wp:term":[{"taxonomy":"category","embeddable":true,"href":"https:\/\/claudeyacoub.com\/index.php\/wp-json\/wp\/v2\/categories?post=8855"},{"taxonomy":"post_tag","embeddable":true,"href":"https:\/\/claudeyacoub.com\/index.php\/wp-json\/wp\/v2\/tags?post=8855"}],"curies":[{"name":"wp","href":"https:\/\/api.w.org\/{rel}","templated":true}]}}