{"id":7545,"date":"2010-10-20T10:26:55","date_gmt":"2010-10-20T08:26:55","guid":{"rendered":"http:\/\/claudeyacoub.com\/?p=7545"},"modified":"2019-05-14T10:31:02","modified_gmt":"2019-05-14T08:31:02","slug":"scene-ouverte","status":"publish","type":"post","link":"https:\/\/claudeyacoub.com\/index.php\/2010\/10\/20\/scene-ouverte\/","title":{"rendered":"Sc\u00e8ne ouverte"},"content":{"rendered":"<p><img decoding=\"async\" loading=\"lazy\" class=\"alignnone size-full wp-image-7546\" src=\"http:\/\/claudeyacoub.com\/wp-content\/uploads\/2019\/05\/Col-903.jpg\" alt=\"\" width=\"799\" height=\"159\" srcset=\"https:\/\/claudeyacoub.com\/wp-content\/uploads\/2019\/05\/Col-903.jpg 799w, https:\/\/claudeyacoub.com\/wp-content\/uploads\/2019\/05\/Col-903-300x60.jpg 300w, https:\/\/claudeyacoub.com\/wp-content\/uploads\/2019\/05\/Col-903-768x153.jpg 768w\" sizes=\"(max-width: 799px) 100vw, 799px\" \/><\/p>\n<p><b>20\/10\/2010<br \/>\n<\/b>Derni\u00e8re s\u00e9rie, intitul\u00e9e <strong>\u201cJe me souviens\u201c<\/strong>.<br \/>\nLes souvenirs de Georges Perec m\u2019ont accompagn\u00e9 durant tant d\u2019ann\u00e9es.<br \/>\n<em>\u00ab Ces \u201cJe me souviens\u201c ne sont pas exactement des souvenirs, et surtout pas de quotidien, des choses que, telle ou telle ann\u00e9e, tous les gens d\u2019un m\u00eame \u00e2ge ont vues, v\u00e9cues, partag\u00e9es, et qui ensuite ont disparues, ont \u00e9t\u00e9 oubli\u00e9es. Elles ne valaient pas la peine d\u2019\u00eatre m\u00e9moris\u00e9es, elles ne m\u00e9ritaient pas de faire partie de l\u2019Histoire, ni de figurer dans les M\u00e9moires des hommes d\u2019\u00c9tats, des alpinistes et des monstres sacr\u00e9s. Il arrive pourtant qu\u2019elles reviennent, quelques ann\u00e9es plus tard, intactes et minuscules, par hasard ou parce qu\u2019on les a cherch\u00e9es. Un soir, entre amis\u00a0: c\u2019\u00e9tait une chose qu\u2019on avait apprise \u00e0 l\u2019\u00e9cole, un champion, un chanteur ou une starlette qui per\u00e7ait, un air qui \u00e9tait sur toutes les l\u00e8vres, un hold-up ou une catastrophe qui faisait la une des quotidiens, un best-seller, un scandale, un slogan, une habitude, une expression, un v\u00eatement ou une mani\u00e8re de le porter, un geste, ou quelque chose plus mince, d\u2019inessentiel, de tout \u00e0 fait banal, miraculeusement arrach\u00e9 \u00e0 son insignifiance, retrouv\u00e9 pour un instant, suscitant pendant quelques secondes une impalpable petite nostalgie\u00a0\u00bb.<\/em><\/p>\n","protected":false},"excerpt":{"rendered":"<p>20\/10\/2010 Derni\u00e8re s\u00e9rie, intitul\u00e9e \u201cJe me souviens\u201c. Les souvenirs de Georges Perec m\u2019ont accompagn\u00e9 durant tant d\u2019ann\u00e9es. \u00ab Ces \u201cJe me souviens\u201c ne sont pas&hellip; <\/p>\n","protected":false},"author":1,"featured_media":7546,"comment_status":"closed","ping_status":"closed","sticky":false,"template":"","format":"standard","meta":{"pgc_sgb_lightbox_settings":"","footnotes":""},"categories":[9],"tags":[76,44],"_links":{"self":[{"href":"https:\/\/claudeyacoub.com\/index.php\/wp-json\/wp\/v2\/posts\/7545"}],"collection":[{"href":"https:\/\/claudeyacoub.com\/index.php\/wp-json\/wp\/v2\/posts"}],"about":[{"href":"https:\/\/claudeyacoub.com\/index.php\/wp-json\/wp\/v2\/types\/post"}],"author":[{"embeddable":true,"href":"https:\/\/claudeyacoub.com\/index.php\/wp-json\/wp\/v2\/users\/1"}],"replies":[{"embeddable":true,"href":"https:\/\/claudeyacoub.com\/index.php\/wp-json\/wp\/v2\/comments?post=7545"}],"version-history":[{"count":2,"href":"https:\/\/claudeyacoub.com\/index.php\/wp-json\/wp\/v2\/posts\/7545\/revisions"}],"predecessor-version":[{"id":7551,"href":"https:\/\/claudeyacoub.com\/index.php\/wp-json\/wp\/v2\/posts\/7545\/revisions\/7551"}],"wp:featuredmedia":[{"embeddable":true,"href":"https:\/\/claudeyacoub.com\/index.php\/wp-json\/wp\/v2\/media\/7546"}],"wp:attachment":[{"href":"https:\/\/claudeyacoub.com\/index.php\/wp-json\/wp\/v2\/media?parent=7545"}],"wp:term":[{"taxonomy":"category","embeddable":true,"href":"https:\/\/claudeyacoub.com\/index.php\/wp-json\/wp\/v2\/categories?post=7545"},{"taxonomy":"post_tag","embeddable":true,"href":"https:\/\/claudeyacoub.com\/index.php\/wp-json\/wp\/v2\/tags?post=7545"}],"curies":[{"name":"wp","href":"https:\/\/api.w.org\/{rel}","templated":true}]}}