{"id":1047,"date":"1992-10-23T08:23:41","date_gmt":"1992-10-23T07:23:41","guid":{"rendered":"http:\/\/claudeyacoub.com\/?p=1047"},"modified":"2019-10-11T10:22:17","modified_gmt":"2019-10-11T08:22:17","slug":"exposition-chateau-aubery","status":"publish","type":"post","link":"https:\/\/claudeyacoub.com\/index.php\/1992\/10\/23\/exposition-chateau-aubery\/","title":{"rendered":"Exposition Ch\u00e2teau Aub\u00e9ry"},"content":{"rendered":"<p><strong>Photographies expos\u00e9es au ch\u00e2teau Aub\u00e9ry,\u00a0Ducos, Martinique<\/strong>, lors d&#8217;une soir\u00e9e organis\u00e9e par <a href=\"http:\/\/claudeyacoub.com\/index.php\/2019\/03\/13\/histoires-amuser-galerie\/\">Histoires d&#8217;amuser la galerie<\/a><\/p>\n<p>&nbsp;<\/p>\n<p><img decoding=\"async\" loading=\"lazy\" class=\"alignnone wp-image-5932 size-large\" src=\"http:\/\/claudeyacoub.com\/wp-content\/uploads\/2019\/05\/histoires-3-1017x1024.jpg\" alt=\"\" width=\"750\" height=\"755\" srcset=\"https:\/\/claudeyacoub.com\/wp-content\/uploads\/2019\/05\/histoires-3-1017x1024.jpg 1017w, https:\/\/claudeyacoub.com\/wp-content\/uploads\/2019\/05\/histoires-3-150x150.jpg 150w, https:\/\/claudeyacoub.com\/wp-content\/uploads\/2019\/05\/histoires-3-298x300.jpg 298w, https:\/\/claudeyacoub.com\/wp-content\/uploads\/2019\/05\/histoires-3-768x773.jpg 768w, https:\/\/claudeyacoub.com\/wp-content\/uploads\/2019\/05\/histoires-3.jpg 1214w\" sizes=\"(max-width: 750px) 100vw, 750px\" \/><\/p>\n<p>&nbsp;<\/p>\n<p>&nbsp;<\/p>\n<p><strong>Clich\u00e9s pris avec la main, \u0153il absent, 1990-1992<\/strong><\/p>\n<p>Texte \u201cNuit d&#8217;outre-ailleurs\u201c et titres de 7 \u0153uvres expos\u00e9es<\/p>\n<p>&nbsp;<\/p>\n<div data-carousel-extra='{\"blog_id\":1,\"permalink\":\"https:\\\/\\\/claudeyacoub.com\\\/index.php\\\/1992\\\/10\\\/23\\\/exposition-chateau-aubery\\\/\"}' class=\"tiled-gallery type-rectangular\" data-original-width=\"1920\"><div class=\"gallery-row\" style=\"width: 1915px; height: 1273px;\"><div class=\"gallery-group images-1\" style=\"width: 1277px; height: 1277px;\"><div class=\"tiled-gallery-item tiled-gallery-item-large\"><a href=\"https:\/\/claudeyacoub.com\/pho0\/\"><img data-attachment-id=\"6005\" data-orig-file=\"https:\/\/claudeyacoub.com\/wp-content\/uploads\/2019\/05\/Pho0.jpg\" data-orig-size=\"1512,1512\" data-comments-opened=\"0\" data-image-meta=\"{&quot;aperture&quot;:&quot;3.5&quot;,&quot;credit&quot;:&quot;&quot;,&quot;camera&quot;:&quot;COOLPIX B700&quot;,&quot;caption&quot;:&quot;&quot;,&quot;created_timestamp&quot;:&quot;1555748927&quot;,&quot;copyright&quot;:&quot;&quot;,&quot;focal_length&quot;:&quot;5.4&quot;,&quot;iso&quot;:&quot;180&quot;,&quot;shutter_speed&quot;:&quot;0.033333333333333&quot;,&quot;title&quot;:&quot;&quot;,&quot;orientation&quot;:&quot;1&quot;}\" data-image-title=\"Pho0\" data-image-description=\"\" data-medium-file=\"https:\/\/claudeyacoub.com\/wp-content\/uploads\/2019\/05\/Pho0-300x300.jpg\" data-large-file=\"https:\/\/claudeyacoub.com\/wp-content\/uploads\/2019\/05\/Pho0-1024x1024.jpg\" src=\"https:\/\/claudeyacoub.com\/wp-content\/uploads\/2019\/05\/Pho0-1273x1273.jpg\" width=\"1273\" height=\"1273\" align=\"left\" title=\"Pho0\" \/><\/a><\/div><\/div><div class=\"gallery-group images-2\" style=\"width: 638px; height: 1277px;\"><div class=\"tiled-gallery-item tiled-gallery-item-large\"><a href=\"https:\/\/claudeyacoub.com\/pho1\/\"><img data-attachment-id=\"5945\" data-orig-file=\"https:\/\/claudeyacoub.com\/wp-content\/uploads\/2019\/05\/pho1.jpg\" data-orig-size=\"1512,1512\" data-comments-opened=\"0\" data-image-meta=\"{&quot;aperture&quot;:&quot;2.2&quot;,&quot;credit&quot;:&quot;&quot;,&quot;camera&quot;:&quot;iPhone SE&quot;,&quot;caption&quot;:&quot;&quot;,&quot;created_timestamp&quot;:&quot;1555665691&quot;,&quot;copyright&quot;:&quot;&quot;,&quot;focal_length&quot;:&quot;4.15&quot;,&quot;iso&quot;:&quot;200&quot;,&quot;shutter_speed&quot;:&quot;0.05&quot;,&quot;title&quot;:&quot;&quot;,&quot;orientation&quot;:&quot;1&quot;}\" data-image-title=\"pho1\" data-image-description=\"\" data-medium-file=\"https:\/\/claudeyacoub.com\/wp-content\/uploads\/2019\/05\/pho1-300x300.jpg\" data-large-file=\"https:\/\/claudeyacoub.com\/wp-content\/uploads\/2019\/05\/pho1-1024x1024.jpg\" src=\"https:\/\/claudeyacoub.com\/wp-content\/uploads\/2019\/05\/pho1-634x635.jpg\" width=\"634\" height=\"635\" align=\"left\" title=\"pho1\" \/><\/a><\/div><div class=\"tiled-gallery-item tiled-gallery-item-large\"><a href=\"https:\/\/claudeyacoub.com\/pho2\/\"><img data-attachment-id=\"5946\" data-orig-file=\"https:\/\/claudeyacoub.com\/wp-content\/uploads\/2019\/05\/pho2.jpg\" data-orig-size=\"1512,1512\" data-comments-opened=\"0\" data-image-meta=\"{&quot;aperture&quot;:&quot;2.2&quot;,&quot;credit&quot;:&quot;&quot;,&quot;camera&quot;:&quot;iPhone SE&quot;,&quot;caption&quot;:&quot;&quot;,&quot;created_timestamp&quot;:&quot;1555665691&quot;,&quot;copyright&quot;:&quot;&quot;,&quot;focal_length&quot;:&quot;4.15&quot;,&quot;iso&quot;:&quot;200&quot;,&quot;shutter_speed&quot;:&quot;0.05&quot;,&quot;title&quot;:&quot;&quot;,&quot;orientation&quot;:&quot;1&quot;}\" data-image-title=\"pho2\" data-image-description=\"\" data-medium-file=\"https:\/\/claudeyacoub.com\/wp-content\/uploads\/2019\/05\/pho2-300x300.jpg\" data-large-file=\"https:\/\/claudeyacoub.com\/wp-content\/uploads\/2019\/05\/pho2-1024x1024.jpg\" src=\"https:\/\/claudeyacoub.com\/wp-content\/uploads\/2019\/05\/pho2-634x634.jpg\" width=\"634\" height=\"634\" align=\"left\" title=\"pho2\" \/><\/a><\/div><\/div><\/div><div class=\"gallery-row\" style=\"width: 1915px; height: 634px;\"><div class=\"gallery-group images-1\" style=\"width: 639px; height: 638px;\"><div class=\"tiled-gallery-item tiled-gallery-item-large\"><a href=\"https:\/\/claudeyacoub.com\/pho3\/\"><img data-attachment-id=\"5947\" data-orig-file=\"https:\/\/claudeyacoub.com\/wp-content\/uploads\/2019\/05\/pho3.jpg\" data-orig-size=\"1512,1512\" data-comments-opened=\"0\" data-image-meta=\"{&quot;aperture&quot;:&quot;2.2&quot;,&quot;credit&quot;:&quot;&quot;,&quot;camera&quot;:&quot;iPhone SE&quot;,&quot;caption&quot;:&quot;&quot;,&quot;created_timestamp&quot;:&quot;1555665691&quot;,&quot;copyright&quot;:&quot;&quot;,&quot;focal_length&quot;:&quot;4.15&quot;,&quot;iso&quot;:&quot;200&quot;,&quot;shutter_speed&quot;:&quot;0.05&quot;,&quot;title&quot;:&quot;&quot;,&quot;orientation&quot;:&quot;1&quot;}\" data-image-title=\"pho3\" data-image-description=\"\" data-medium-file=\"https:\/\/claudeyacoub.com\/wp-content\/uploads\/2019\/05\/pho3-300x300.jpg\" data-large-file=\"https:\/\/claudeyacoub.com\/wp-content\/uploads\/2019\/05\/pho3-1024x1024.jpg\" src=\"https:\/\/claudeyacoub.com\/wp-content\/uploads\/2019\/05\/pho3-635x634.jpg\" width=\"635\" height=\"634\" align=\"left\" title=\"pho3\" \/><\/a><\/div><\/div><div class=\"gallery-group images-1\" style=\"width: 638px; height: 638px;\"><div class=\"tiled-gallery-item tiled-gallery-item-large\"><a href=\"https:\/\/claudeyacoub.com\/pho4\/\"><img data-attachment-id=\"5948\" data-orig-file=\"https:\/\/claudeyacoub.com\/wp-content\/uploads\/2019\/05\/pho4.jpg\" data-orig-size=\"1512,1512\" data-comments-opened=\"0\" data-image-meta=\"{&quot;aperture&quot;:&quot;2.2&quot;,&quot;credit&quot;:&quot;&quot;,&quot;camera&quot;:&quot;iPhone SE&quot;,&quot;caption&quot;:&quot;&quot;,&quot;created_timestamp&quot;:&quot;1555665695&quot;,&quot;copyright&quot;:&quot;&quot;,&quot;focal_length&quot;:&quot;4.15&quot;,&quot;iso&quot;:&quot;200&quot;,&quot;shutter_speed&quot;:&quot;0.05&quot;,&quot;title&quot;:&quot;&quot;,&quot;orientation&quot;:&quot;1&quot;}\" data-image-title=\"pho4\" data-image-description=\"\" data-medium-file=\"https:\/\/claudeyacoub.com\/wp-content\/uploads\/2019\/05\/pho4-300x300.jpg\" data-large-file=\"https:\/\/claudeyacoub.com\/wp-content\/uploads\/2019\/05\/pho4-1024x1024.jpg\" src=\"https:\/\/claudeyacoub.com\/wp-content\/uploads\/2019\/05\/pho4-634x634.jpg\" width=\"634\" height=\"634\" align=\"left\" title=\"pho4\" \/><\/a><\/div><\/div><div class=\"gallery-group images-1\" style=\"width: 638px; height: 638px;\"><div class=\"tiled-gallery-item tiled-gallery-item-large\"><a href=\"https:\/\/claudeyacoub.com\/pho5\/\"><img data-attachment-id=\"5949\" data-orig-file=\"https:\/\/claudeyacoub.com\/wp-content\/uploads\/2019\/05\/pho5.jpg\" data-orig-size=\"1512,1512\" data-comments-opened=\"0\" data-image-meta=\"{&quot;aperture&quot;:&quot;2.2&quot;,&quot;credit&quot;:&quot;&quot;,&quot;camera&quot;:&quot;iPhone SE&quot;,&quot;caption&quot;:&quot;&quot;,&quot;created_timestamp&quot;:&quot;1555665695&quot;,&quot;copyright&quot;:&quot;&quot;,&quot;focal_length&quot;:&quot;4.15&quot;,&quot;iso&quot;:&quot;200&quot;,&quot;shutter_speed&quot;:&quot;0.05&quot;,&quot;title&quot;:&quot;&quot;,&quot;orientation&quot;:&quot;1&quot;}\" data-image-title=\"pho5\" data-image-description=\"\" data-medium-file=\"https:\/\/claudeyacoub.com\/wp-content\/uploads\/2019\/05\/pho5-300x300.jpg\" data-large-file=\"https:\/\/claudeyacoub.com\/wp-content\/uploads\/2019\/05\/pho5-1024x1024.jpg\" src=\"https:\/\/claudeyacoub.com\/wp-content\/uploads\/2019\/05\/pho5-634x634.jpg\" width=\"634\" height=\"634\" align=\"left\" title=\"pho5\" \/><\/a><\/div><\/div><\/div><div class=\"gallery-row\" style=\"width: 1915px; height: 847px;\"><div class=\"gallery-group images-1\" style=\"width: 1064px; height: 851px;\"><div class=\"tiled-gallery-item tiled-gallery-item-large\"><a href=\"https:\/\/claudeyacoub.com\/pho6\/\"><img data-attachment-id=\"5950\" data-orig-file=\"https:\/\/claudeyacoub.com\/wp-content\/uploads\/2019\/05\/pho6.jpg\" data-orig-size=\"1512,1209\" data-comments-opened=\"0\" data-image-meta=\"{&quot;aperture&quot;:&quot;2.2&quot;,&quot;credit&quot;:&quot;&quot;,&quot;camera&quot;:&quot;iPhone SE&quot;,&quot;caption&quot;:&quot;&quot;,&quot;created_timestamp&quot;:&quot;1555665695&quot;,&quot;copyright&quot;:&quot;&quot;,&quot;focal_length&quot;:&quot;4.15&quot;,&quot;iso&quot;:&quot;200&quot;,&quot;shutter_speed&quot;:&quot;0.05&quot;,&quot;title&quot;:&quot;&quot;,&quot;orientation&quot;:&quot;1&quot;}\" data-image-title=\"pho6\" data-image-description=\"\" data-medium-file=\"https:\/\/claudeyacoub.com\/wp-content\/uploads\/2019\/05\/pho6-300x240.jpg\" data-large-file=\"https:\/\/claudeyacoub.com\/wp-content\/uploads\/2019\/05\/pho6-1024x819.jpg\" src=\"https:\/\/claudeyacoub.com\/wp-content\/uploads\/2019\/05\/pho6-1060x847.jpg\" width=\"1060\" height=\"847\" align=\"left\" title=\"pho6\" \/><\/a><\/div><\/div><div class=\"gallery-group images-1\" style=\"width: 851px; height: 851px;\"><div class=\"tiled-gallery-item tiled-gallery-item-large\"><a href=\"https:\/\/claudeyacoub.com\/pho7\/\"><img data-attachment-id=\"5951\" data-orig-file=\"https:\/\/claudeyacoub.com\/wp-content\/uploads\/2019\/05\/pho7.jpg\" data-orig-size=\"1512,1512\" data-comments-opened=\"0\" data-image-meta=\"{&quot;aperture&quot;:&quot;2.2&quot;,&quot;credit&quot;:&quot;&quot;,&quot;camera&quot;:&quot;iPhone SE&quot;,&quot;caption&quot;:&quot;&quot;,&quot;created_timestamp&quot;:&quot;1555665698&quot;,&quot;copyright&quot;:&quot;&quot;,&quot;focal_length&quot;:&quot;4.15&quot;,&quot;iso&quot;:&quot;200&quot;,&quot;shutter_speed&quot;:&quot;0.05&quot;,&quot;title&quot;:&quot;&quot;,&quot;orientation&quot;:&quot;1&quot;}\" data-image-title=\"pho7\" data-image-description=\"\" data-medium-file=\"https:\/\/claudeyacoub.com\/wp-content\/uploads\/2019\/05\/pho7-300x300.jpg\" data-large-file=\"https:\/\/claudeyacoub.com\/wp-content\/uploads\/2019\/05\/pho7-1024x1024.jpg\" src=\"https:\/\/claudeyacoub.com\/wp-content\/uploads\/2019\/05\/pho7-847x847.jpg\" width=\"847\" height=\"847\" align=\"left\" title=\"pho7\" \/><\/a><\/div><\/div><\/div><\/div>\n<p>&nbsp;<\/p>\n<p><img decoding=\"async\" loading=\"lazy\" class=\"wp-image-1056 size-full aligncenter\" src=\"http:\/\/claudeyacoub.com\/wp-content\/uploads\/2019\/03\/001-PP-claude-yacoub-photographie-exposition-aubery-martinique-09-aeroport-guadeloupe.jpg\" alt=\"\" width=\"515\" height=\"515\" srcset=\"https:\/\/claudeyacoub.com\/wp-content\/uploads\/2019\/03\/001-PP-claude-yacoub-photographie-exposition-aubery-martinique-09-aeroport-guadeloupe.jpg 515w, https:\/\/claudeyacoub.com\/wp-content\/uploads\/2019\/03\/001-PP-claude-yacoub-photographie-exposition-aubery-martinique-09-aeroport-guadeloupe-150x150.jpg 150w, https:\/\/claudeyacoub.com\/wp-content\/uploads\/2019\/03\/001-PP-claude-yacoub-photographie-exposition-aubery-martinique-09-aeroport-guadeloupe-300x300.jpg 300w, https:\/\/claudeyacoub.com\/wp-content\/uploads\/2019\/03\/001-PP-claude-yacoub-photographie-exposition-aubery-martinique-09-aeroport-guadeloupe-270x270.jpg 270w, https:\/\/claudeyacoub.com\/wp-content\/uploads\/2019\/03\/001-PP-claude-yacoub-photographie-exposition-aubery-martinique-09-aeroport-guadeloupe-230x230.jpg 230w\" sizes=\"(max-width: 515px) 100vw, 515px\" \/><\/p>\n<p><img decoding=\"async\" loading=\"lazy\" class=\"wp-image-1062 size-full aligncenter\" src=\"http:\/\/claudeyacoub.com\/wp-content\/uploads\/2019\/03\/001-PP-claude-yacoub-photographie-exposition-aubery-martinique-15-vitesses.jpg\" alt=\"\" width=\"983\" height=\"681\" srcset=\"https:\/\/claudeyacoub.com\/wp-content\/uploads\/2019\/03\/001-PP-claude-yacoub-photographie-exposition-aubery-martinique-15-vitesses.jpg 983w, https:\/\/claudeyacoub.com\/wp-content\/uploads\/2019\/03\/001-PP-claude-yacoub-photographie-exposition-aubery-martinique-15-vitesses-300x208.jpg 300w, https:\/\/claudeyacoub.com\/wp-content\/uploads\/2019\/03\/001-PP-claude-yacoub-photographie-exposition-aubery-martinique-15-vitesses-768x532.jpg 768w\" sizes=\"(max-width: 983px) 100vw, 983px\" \/><\/p>\n<p>&nbsp;<\/p>\n<hr \/>\n<p>&nbsp;<\/p>\n<p><strong>Autres photos \u00e0 Damas, Fort-de-France,\u00a0Le Caire &amp; Paris<\/strong><\/p>\n<p>&nbsp;<\/p>\n<div data-carousel-extra='{\"blog_id\":1,\"permalink\":\"https:\\\/\\\/claudeyacoub.com\\\/index.php\\\/1992\\\/10\\\/23\\\/exposition-chateau-aubery\\\/\"}' class=\"tiled-gallery type-rectangular\" data-original-width=\"1920\"><div class=\"gallery-row\" style=\"width: 1915px; height: 885px;\"><div class=\"gallery-group images-1\" style=\"width: 1279px; height: 889px;\"><div class=\"tiled-gallery-item tiled-gallery-item-large\"><a href=\"https:\/\/claudeyacoub.com\/001-pp-claude-yacoub-photographie-exposition-aubery-martinique-01-mosquee-damas\/\"><img data-attachment-id=\"1048\" data-orig-file=\"https:\/\/claudeyacoub.com\/wp-content\/uploads\/2019\/03\/001-PP-claude-yacoub-photographie-exposition-aubery-martinique-01-mosquee-damas.jpg\" data-orig-size=\"984,683\" data-comments-opened=\"0\" data-image-meta=\"{&quot;aperture&quot;:&quot;0&quot;,&quot;credit&quot;:&quot;&quot;,&quot;camera&quot;:&quot;&quot;,&quot;caption&quot;:&quot;&quot;,&quot;created_timestamp&quot;:&quot;0&quot;,&quot;copyright&quot;:&quot;&quot;,&quot;focal_length&quot;:&quot;0&quot;,&quot;iso&quot;:&quot;0&quot;,&quot;shutter_speed&quot;:&quot;0&quot;,&quot;title&quot;:&quot;&quot;,&quot;orientation&quot;:&quot;1&quot;}\" data-image-title=\"001-PP-claude-yacoub-photographie-exposition-aubery-martinique-01-mosquee-damas\" data-image-description=\"\" data-medium-file=\"https:\/\/claudeyacoub.com\/wp-content\/uploads\/2019\/03\/001-PP-claude-yacoub-photographie-exposition-aubery-martinique-01-mosquee-damas-300x208.jpg\" data-large-file=\"https:\/\/claudeyacoub.com\/wp-content\/uploads\/2019\/03\/001-PP-claude-yacoub-photographie-exposition-aubery-martinique-01-mosquee-damas.jpg\" src=\"https:\/\/claudeyacoub.com\/wp-content\/uploads\/2019\/03\/001-PP-claude-yacoub-photographie-exposition-aubery-martinique-01-mosquee-damas.jpg\" width=\"1275\" height=\"885\" align=\"left\" title=\"001-PP-claude-yacoub-photographie-exposition-aubery-martinique-01-mosquee-damas\" \/><\/a><\/div><\/div><div class=\"gallery-group images-2\" style=\"width: 636px; height: 889px;\"><div class=\"tiled-gallery-item tiled-gallery-item-large\"><a href=\"https:\/\/claudeyacoub.com\/001-pp-claude-yacoub-photographie-exposition-aubery-martinique-02-feuilles-quai-seine\/\"><img data-attachment-id=\"1049\" data-orig-file=\"https:\/\/claudeyacoub.com\/wp-content\/uploads\/2019\/03\/001-PP-claude-yacoub-photographie-exposition-aubery-martinique-02-feuilles-quai-seine.jpg\" data-orig-size=\"986,682\" data-comments-opened=\"0\" data-image-meta=\"{&quot;aperture&quot;:&quot;0&quot;,&quot;credit&quot;:&quot;&quot;,&quot;camera&quot;:&quot;&quot;,&quot;caption&quot;:&quot;&quot;,&quot;created_timestamp&quot;:&quot;0&quot;,&quot;copyright&quot;:&quot;&quot;,&quot;focal_length&quot;:&quot;0&quot;,&quot;iso&quot;:&quot;0&quot;,&quot;shutter_speed&quot;:&quot;0&quot;,&quot;title&quot;:&quot;&quot;,&quot;orientation&quot;:&quot;1&quot;}\" data-image-title=\"001-PP-claude-yacoub-photographie-exposition-aubery-martinique-02-feuilles-quai-seine\" data-image-description=\"\" data-medium-file=\"https:\/\/claudeyacoub.com\/wp-content\/uploads\/2019\/03\/001-PP-claude-yacoub-photographie-exposition-aubery-martinique-02-feuilles-quai-seine-300x208.jpg\" data-large-file=\"https:\/\/claudeyacoub.com\/wp-content\/uploads\/2019\/03\/001-PP-claude-yacoub-photographie-exposition-aubery-martinique-02-feuilles-quai-seine.jpg\" src=\"https:\/\/claudeyacoub.com\/wp-content\/uploads\/2019\/03\/001-PP-claude-yacoub-photographie-exposition-aubery-martinique-02-feuilles-quai-seine-632x437.jpg\" width=\"632\" height=\"437\" align=\"left\" title=\"001-PP-claude-yacoub-photographie-exposition-aubery-martinique-02-feuilles-quai-seine\" \/><\/a><\/div><div class=\"tiled-gallery-item tiled-gallery-item-large\"><a href=\"https:\/\/claudeyacoub.com\/001-pp-claude-yacoub-photographie-exposition-aubery-martinique-03-tunnel-roissy\/\"><img data-attachment-id=\"1050\" data-orig-file=\"https:\/\/claudeyacoub.com\/wp-content\/uploads\/2019\/03\/001-PP-claude-yacoub-photographie-exposition-aubery-martinique-03-tunnel-roissy.jpg\" data-orig-size=\"1020,717\" data-comments-opened=\"0\" data-image-meta=\"{&quot;aperture&quot;:&quot;0&quot;,&quot;credit&quot;:&quot;&quot;,&quot;camera&quot;:&quot;&quot;,&quot;caption&quot;:&quot;&quot;,&quot;created_timestamp&quot;:&quot;0&quot;,&quot;copyright&quot;:&quot;&quot;,&quot;focal_length&quot;:&quot;0&quot;,&quot;iso&quot;:&quot;0&quot;,&quot;shutter_speed&quot;:&quot;0&quot;,&quot;title&quot;:&quot;&quot;,&quot;orientation&quot;:&quot;1&quot;}\" data-image-title=\"001-PP-claude-yacoub-photographie-exposition-aubery-martinique-03-tunnel-roissy\" data-image-description=\"\" data-medium-file=\"https:\/\/claudeyacoub.com\/wp-content\/uploads\/2019\/03\/001-PP-claude-yacoub-photographie-exposition-aubery-martinique-03-tunnel-roissy-300x211.jpg\" data-large-file=\"https:\/\/claudeyacoub.com\/wp-content\/uploads\/2019\/03\/001-PP-claude-yacoub-photographie-exposition-aubery-martinique-03-tunnel-roissy.jpg\" src=\"https:\/\/claudeyacoub.com\/wp-content\/uploads\/2019\/03\/001-PP-claude-yacoub-photographie-exposition-aubery-martinique-03-tunnel-roissy-632x444.jpg\" width=\"632\" height=\"444\" align=\"left\" title=\"001-PP-claude-yacoub-photographie-exposition-aubery-martinique-03-tunnel-roissy\" \/><\/a><\/div><\/div><\/div><div class=\"gallery-row\" style=\"width: 1915px; height: 440px;\"><div class=\"gallery-group images-1\" style=\"width: 641px; height: 444px;\"><div class=\"tiled-gallery-item tiled-gallery-item-large\"><a href=\"https:\/\/claudeyacoub.com\/001-pp-claude-yacoub-photographie-exposition-aubery-martinique-04-tunnel-periph1\/\"><img data-attachment-id=\"1051\" data-orig-file=\"https:\/\/claudeyacoub.com\/wp-content\/uploads\/2019\/03\/001-PP-claude-yacoub-photographie-exposition-aubery-martinique-04-tunnel-periph1.jpg\" data-orig-size=\"986,681\" data-comments-opened=\"0\" data-image-meta=\"{&quot;aperture&quot;:&quot;0&quot;,&quot;credit&quot;:&quot;&quot;,&quot;camera&quot;:&quot;&quot;,&quot;caption&quot;:&quot;&quot;,&quot;created_timestamp&quot;:&quot;0&quot;,&quot;copyright&quot;:&quot;&quot;,&quot;focal_length&quot;:&quot;0&quot;,&quot;iso&quot;:&quot;0&quot;,&quot;shutter_speed&quot;:&quot;0&quot;,&quot;title&quot;:&quot;&quot;,&quot;orientation&quot;:&quot;1&quot;}\" data-image-title=\"001-PP-claude-yacoub-photographie-exposition-aubery-martinique-04-tunnel-periph1\" data-image-description=\"\" data-medium-file=\"https:\/\/claudeyacoub.com\/wp-content\/uploads\/2019\/03\/001-PP-claude-yacoub-photographie-exposition-aubery-martinique-04-tunnel-periph1-300x207.jpg\" data-large-file=\"https:\/\/claudeyacoub.com\/wp-content\/uploads\/2019\/03\/001-PP-claude-yacoub-photographie-exposition-aubery-martinique-04-tunnel-periph1.jpg\" src=\"https:\/\/claudeyacoub.com\/wp-content\/uploads\/2019\/03\/001-PP-claude-yacoub-photographie-exposition-aubery-martinique-04-tunnel-periph1-637x440.jpg\" width=\"637\" height=\"440\" align=\"left\" title=\"001-PP-claude-yacoub-photographie-exposition-aubery-martinique-04-tunnel-periph1\" \/><\/a><\/div><\/div><div class=\"gallery-group images-1\" style=\"width: 634px; height: 444px;\"><div class=\"tiled-gallery-item tiled-gallery-item-large\"><a href=\"https:\/\/claudeyacoub.com\/001-pp-claude-yacoub-photographie-exposition-aubery-martinique-05-tunnel-periph2\/\"><img data-attachment-id=\"1052\" data-orig-file=\"https:\/\/claudeyacoub.com\/wp-content\/uploads\/2019\/03\/001-PP-claude-yacoub-photographie-exposition-aubery-martinique-05-tunnel-periph2.jpg\" data-orig-size=\"961,671\" data-comments-opened=\"0\" data-image-meta=\"{&quot;aperture&quot;:&quot;0&quot;,&quot;credit&quot;:&quot;&quot;,&quot;camera&quot;:&quot;&quot;,&quot;caption&quot;:&quot;&quot;,&quot;created_timestamp&quot;:&quot;0&quot;,&quot;copyright&quot;:&quot;&quot;,&quot;focal_length&quot;:&quot;0&quot;,&quot;iso&quot;:&quot;0&quot;,&quot;shutter_speed&quot;:&quot;0&quot;,&quot;title&quot;:&quot;&quot;,&quot;orientation&quot;:&quot;1&quot;}\" data-image-title=\"001-PP-claude-yacoub-photographie-exposition-aubery-martinique-05-tunnel-periph2\" data-image-description=\"\" data-medium-file=\"https:\/\/claudeyacoub.com\/wp-content\/uploads\/2019\/03\/001-PP-claude-yacoub-photographie-exposition-aubery-martinique-05-tunnel-periph2-300x209.jpg\" data-large-file=\"https:\/\/claudeyacoub.com\/wp-content\/uploads\/2019\/03\/001-PP-claude-yacoub-photographie-exposition-aubery-martinique-05-tunnel-periph2.jpg\" src=\"https:\/\/claudeyacoub.com\/wp-content\/uploads\/2019\/03\/001-PP-claude-yacoub-photographie-exposition-aubery-martinique-05-tunnel-periph2-630x440.jpg\" width=\"630\" height=\"440\" align=\"left\" title=\"001-PP-claude-yacoub-photographie-exposition-aubery-martinique-05-tunnel-periph2\" \/><\/a><\/div><\/div><div class=\"gallery-group images-1\" style=\"width: 640px; height: 444px;\"><div class=\"tiled-gallery-item tiled-gallery-item-large\"><a href=\"https:\/\/claudeyacoub.com\/001-pp-claude-yacoub-photographie-exposition-aubery-martinique-06-saint-michel\/\"><img data-attachment-id=\"1053\" data-orig-file=\"https:\/\/claudeyacoub.com\/wp-content\/uploads\/2019\/03\/001-PP-claude-yacoub-photographie-exposition-aubery-martinique-06-saint-michel.jpg\" data-orig-size=\"984,681\" data-comments-opened=\"0\" data-image-meta=\"{&quot;aperture&quot;:&quot;0&quot;,&quot;credit&quot;:&quot;&quot;,&quot;camera&quot;:&quot;&quot;,&quot;caption&quot;:&quot;&quot;,&quot;created_timestamp&quot;:&quot;0&quot;,&quot;copyright&quot;:&quot;&quot;,&quot;focal_length&quot;:&quot;0&quot;,&quot;iso&quot;:&quot;0&quot;,&quot;shutter_speed&quot;:&quot;0&quot;,&quot;title&quot;:&quot;&quot;,&quot;orientation&quot;:&quot;1&quot;}\" data-image-title=\"001-PP-claude-yacoub-photographie-exposition-aubery-martinique-06-saint-michel\" data-image-description=\"\" data-medium-file=\"https:\/\/claudeyacoub.com\/wp-content\/uploads\/2019\/03\/001-PP-claude-yacoub-photographie-exposition-aubery-martinique-06-saint-michel-300x208.jpg\" data-large-file=\"https:\/\/claudeyacoub.com\/wp-content\/uploads\/2019\/03\/001-PP-claude-yacoub-photographie-exposition-aubery-martinique-06-saint-michel.jpg\" src=\"https:\/\/claudeyacoub.com\/wp-content\/uploads\/2019\/03\/001-PP-claude-yacoub-photographie-exposition-aubery-martinique-06-saint-michel-636x440.jpg\" width=\"636\" height=\"440\" align=\"left\" title=\"001-PP-claude-yacoub-photographie-exposition-aubery-martinique-06-saint-michel\" \/><\/a><\/div><\/div><\/div><div class=\"gallery-row\" style=\"width: 1915px; height: 882px;\"><div class=\"gallery-group images-2\" style=\"width: 637px; height: 886px;\"><div class=\"tiled-gallery-item tiled-gallery-item-large\"><a href=\"https:\/\/claudeyacoub.com\/001-pp-claude-yacoub-photographie-exposition-aubery-martinique-07-citerne-fort-de-france\/\"><img data-attachment-id=\"1054\" data-orig-file=\"https:\/\/claudeyacoub.com\/wp-content\/uploads\/2019\/03\/001-PP-claude-yacoub-photographie-exposition-aubery-martinique-07-citerne-fort-de-france.jpg\" data-orig-size=\"984,682\" data-comments-opened=\"0\" data-image-meta=\"{&quot;aperture&quot;:&quot;0&quot;,&quot;credit&quot;:&quot;&quot;,&quot;camera&quot;:&quot;&quot;,&quot;caption&quot;:&quot;&quot;,&quot;created_timestamp&quot;:&quot;0&quot;,&quot;copyright&quot;:&quot;&quot;,&quot;focal_length&quot;:&quot;0&quot;,&quot;iso&quot;:&quot;0&quot;,&quot;shutter_speed&quot;:&quot;0&quot;,&quot;title&quot;:&quot;&quot;,&quot;orientation&quot;:&quot;1&quot;}\" data-image-title=\"001-PP-claude-yacoub-photographie-exposition-aubery-martinique-07-citerne-fort-de-france\" data-image-description=\"\" data-medium-file=\"https:\/\/claudeyacoub.com\/wp-content\/uploads\/2019\/03\/001-PP-claude-yacoub-photographie-exposition-aubery-martinique-07-citerne-fort-de-france-300x208.jpg\" data-large-file=\"https:\/\/claudeyacoub.com\/wp-content\/uploads\/2019\/03\/001-PP-claude-yacoub-photographie-exposition-aubery-martinique-07-citerne-fort-de-france.jpg\" src=\"https:\/\/claudeyacoub.com\/wp-content\/uploads\/2019\/03\/001-PP-claude-yacoub-photographie-exposition-aubery-martinique-07-citerne-fort-de-france-633x439.jpg\" width=\"633\" height=\"439\" align=\"left\" title=\"001-PP-claude-yacoub-photographie-exposition-aubery-martinique-07-citerne-fort-de-france\" \/><\/a><\/div><div class=\"tiled-gallery-item tiled-gallery-item-large\"><a href=\"https:\/\/claudeyacoub.com\/001-pp-claude-yacoub-photographie-exposition-aubery-martinique-08-citerne-fort-de-france\/\"><img data-attachment-id=\"1055\" data-orig-file=\"https:\/\/claudeyacoub.com\/wp-content\/uploads\/2019\/03\/001-PP-claude-yacoub-photographie-exposition-aubery-martinique-08-citerne-fort-de-france-.jpg\" data-orig-size=\"984,682\" data-comments-opened=\"0\" data-image-meta=\"{&quot;aperture&quot;:&quot;0&quot;,&quot;credit&quot;:&quot;&quot;,&quot;camera&quot;:&quot;&quot;,&quot;caption&quot;:&quot;&quot;,&quot;created_timestamp&quot;:&quot;0&quot;,&quot;copyright&quot;:&quot;&quot;,&quot;focal_length&quot;:&quot;0&quot;,&quot;iso&quot;:&quot;0&quot;,&quot;shutter_speed&quot;:&quot;0&quot;,&quot;title&quot;:&quot;&quot;,&quot;orientation&quot;:&quot;1&quot;}\" data-image-title=\"001-PP-claude-yacoub-photographie-exposition-aubery-martinique-08-citerne-fort-de-france\" data-image-description=\"\" data-medium-file=\"https:\/\/claudeyacoub.com\/wp-content\/uploads\/2019\/03\/001-PP-claude-yacoub-photographie-exposition-aubery-martinique-08-citerne-fort-de-france--300x208.jpg\" data-large-file=\"https:\/\/claudeyacoub.com\/wp-content\/uploads\/2019\/03\/001-PP-claude-yacoub-photographie-exposition-aubery-martinique-08-citerne-fort-de-france-.jpg\" src=\"https:\/\/claudeyacoub.com\/wp-content\/uploads\/2019\/03\/001-PP-claude-yacoub-photographie-exposition-aubery-martinique-08-citerne-fort-de-france--633x439.jpg\" width=\"633\" height=\"439\" align=\"left\" title=\"001-PP-claude-yacoub-photographie-exposition-aubery-martinique-08-citerne-fort-de-france\" \/><\/a><\/div><\/div><div class=\"gallery-group images-1\" style=\"width: 1278px; height: 886px;\"><div class=\"tiled-gallery-item tiled-gallery-item-large\"><a href=\"https:\/\/claudeyacoub.com\/001-pp-claude-yacoub-photographie-exposition-aubery-martinique-10-chateau-aubery-martinique\/\"><img data-attachment-id=\"1057\" data-orig-file=\"https:\/\/claudeyacoub.com\/wp-content\/uploads\/2019\/03\/001-PP-claude-yacoub-photographie-exposition-aubery-martinique-10-chateau-aubery-martinique.jpg\" data-orig-size=\"984,681\" data-comments-opened=\"0\" data-image-meta=\"{&quot;aperture&quot;:&quot;0&quot;,&quot;credit&quot;:&quot;&quot;,&quot;camera&quot;:&quot;&quot;,&quot;caption&quot;:&quot;&quot;,&quot;created_timestamp&quot;:&quot;0&quot;,&quot;copyright&quot;:&quot;&quot;,&quot;focal_length&quot;:&quot;0&quot;,&quot;iso&quot;:&quot;0&quot;,&quot;shutter_speed&quot;:&quot;0&quot;,&quot;title&quot;:&quot;&quot;,&quot;orientation&quot;:&quot;1&quot;}\" data-image-title=\"001-PP-claude-yacoub-photographie-exposition-aubery-martinique-10-chateau-aubery-martinique\" data-image-description=\"\" data-medium-file=\"https:\/\/claudeyacoub.com\/wp-content\/uploads\/2019\/03\/001-PP-claude-yacoub-photographie-exposition-aubery-martinique-10-chateau-aubery-martinique-300x208.jpg\" data-large-file=\"https:\/\/claudeyacoub.com\/wp-content\/uploads\/2019\/03\/001-PP-claude-yacoub-photographie-exposition-aubery-martinique-10-chateau-aubery-martinique.jpg\" src=\"https:\/\/claudeyacoub.com\/wp-content\/uploads\/2019\/03\/001-PP-claude-yacoub-photographie-exposition-aubery-martinique-10-chateau-aubery-martinique.jpg\" width=\"1274\" height=\"882\" align=\"left\" title=\"001-PP-claude-yacoub-photographie-exposition-aubery-martinique-10-chateau-aubery-martinique\" \/><\/a><\/div><\/div><\/div><div class=\"gallery-row\" style=\"width: 1915px; height: 439px;\"><div class=\"gallery-group images-1\" style=\"width: 639px; height: 443px;\"><div class=\"tiled-gallery-item tiled-gallery-item-large\"><a href=\"https:\/\/claudeyacoub.com\/001-pp-claude-yacoub-photographie-exposition-aubery-martinique-11-chateau-aubery-martinique\/\"><img data-attachment-id=\"1058\" data-orig-file=\"https:\/\/claudeyacoub.com\/wp-content\/uploads\/2019\/03\/001-PP-claude-yacoub-photographie-exposition-aubery-martinique-11-chateau-aubery-martinique.jpg\" data-orig-size=\"986,682\" data-comments-opened=\"0\" data-image-meta=\"{&quot;aperture&quot;:&quot;0&quot;,&quot;credit&quot;:&quot;&quot;,&quot;camera&quot;:&quot;&quot;,&quot;caption&quot;:&quot;&quot;,&quot;created_timestamp&quot;:&quot;0&quot;,&quot;copyright&quot;:&quot;&quot;,&quot;focal_length&quot;:&quot;0&quot;,&quot;iso&quot;:&quot;0&quot;,&quot;shutter_speed&quot;:&quot;0&quot;,&quot;title&quot;:&quot;&quot;,&quot;orientation&quot;:&quot;1&quot;}\" data-image-title=\"001-PP-claude-yacoub-photographie-exposition-aubery-martinique-11-chateau-aubery-martinique\" data-image-description=\"\" data-medium-file=\"https:\/\/claudeyacoub.com\/wp-content\/uploads\/2019\/03\/001-PP-claude-yacoub-photographie-exposition-aubery-martinique-11-chateau-aubery-martinique-300x208.jpg\" data-large-file=\"https:\/\/claudeyacoub.com\/wp-content\/uploads\/2019\/03\/001-PP-claude-yacoub-photographie-exposition-aubery-martinique-11-chateau-aubery-martinique.jpg\" src=\"https:\/\/claudeyacoub.com\/wp-content\/uploads\/2019\/03\/001-PP-claude-yacoub-photographie-exposition-aubery-martinique-11-chateau-aubery-martinique-635x439.jpg\" width=\"635\" height=\"439\" align=\"left\" title=\"001-PP-claude-yacoub-photographie-exposition-aubery-martinique-11-chateau-aubery-martinique\" \/><\/a><\/div><\/div><div class=\"gallery-group images-1\" style=\"width: 638px; height: 443px;\"><div class=\"tiled-gallery-item tiled-gallery-item-large\"><a href=\"https:\/\/claudeyacoub.com\/001-pp-claude-yacoub-photographie-exposition-aubery-martinique-12-feuillage-paris\/\"><img data-attachment-id=\"1059\" data-orig-file=\"https:\/\/claudeyacoub.com\/wp-content\/uploads\/2019\/03\/001-PP-claude-yacoub-photographie-exposition-aubery-martinique-12-feuillage-paris.jpg\" data-orig-size=\"984,682\" data-comments-opened=\"0\" data-image-meta=\"{&quot;aperture&quot;:&quot;0&quot;,&quot;credit&quot;:&quot;&quot;,&quot;camera&quot;:&quot;&quot;,&quot;caption&quot;:&quot;&quot;,&quot;created_timestamp&quot;:&quot;0&quot;,&quot;copyright&quot;:&quot;&quot;,&quot;focal_length&quot;:&quot;0&quot;,&quot;iso&quot;:&quot;0&quot;,&quot;shutter_speed&quot;:&quot;0&quot;,&quot;title&quot;:&quot;&quot;,&quot;orientation&quot;:&quot;1&quot;}\" data-image-title=\"001-PP-claude-yacoub-photographie-exposition-aubery-martinique-12-feuillage-paris\" data-image-description=\"\" data-medium-file=\"https:\/\/claudeyacoub.com\/wp-content\/uploads\/2019\/03\/001-PP-claude-yacoub-photographie-exposition-aubery-martinique-12-feuillage-paris-300x208.jpg\" data-large-file=\"https:\/\/claudeyacoub.com\/wp-content\/uploads\/2019\/03\/001-PP-claude-yacoub-photographie-exposition-aubery-martinique-12-feuillage-paris.jpg\" src=\"https:\/\/claudeyacoub.com\/wp-content\/uploads\/2019\/03\/001-PP-claude-yacoub-photographie-exposition-aubery-martinique-12-feuillage-paris-634x439.jpg\" width=\"634\" height=\"439\" align=\"left\" title=\"001-PP-claude-yacoub-photographie-exposition-aubery-martinique-12-feuillage-paris\" \/><\/a><\/div><\/div><div class=\"gallery-group images-1\" style=\"width: 638px; height: 443px;\"><div class=\"tiled-gallery-item tiled-gallery-item-large\"><a href=\"https:\/\/claudeyacoub.com\/001-pp-claude-yacoub-photographie-exposition-aubery-martinique-13-metro-lecaire\/\"><img data-attachment-id=\"1060\" data-orig-file=\"https:\/\/claudeyacoub.com\/wp-content\/uploads\/2019\/03\/001-PP-claude-yacoub-photographie-exposition-aubery-martinique-13-metro-lecaire.jpg\" data-orig-size=\"983,681\" data-comments-opened=\"0\" data-image-meta=\"{&quot;aperture&quot;:&quot;0&quot;,&quot;credit&quot;:&quot;&quot;,&quot;camera&quot;:&quot;&quot;,&quot;caption&quot;:&quot;&quot;,&quot;created_timestamp&quot;:&quot;0&quot;,&quot;copyright&quot;:&quot;&quot;,&quot;focal_length&quot;:&quot;0&quot;,&quot;iso&quot;:&quot;0&quot;,&quot;shutter_speed&quot;:&quot;0&quot;,&quot;title&quot;:&quot;&quot;,&quot;orientation&quot;:&quot;1&quot;}\" data-image-title=\"001-PP-claude-yacoub-photographie-exposition-aubery-martinique-13-metro-lecaire\" data-image-description=\"\" data-medium-file=\"https:\/\/claudeyacoub.com\/wp-content\/uploads\/2019\/03\/001-PP-claude-yacoub-photographie-exposition-aubery-martinique-13-metro-lecaire-300x208.jpg\" data-large-file=\"https:\/\/claudeyacoub.com\/wp-content\/uploads\/2019\/03\/001-PP-claude-yacoub-photographie-exposition-aubery-martinique-13-metro-lecaire.jpg\" src=\"https:\/\/claudeyacoub.com\/wp-content\/uploads\/2019\/03\/001-PP-claude-yacoub-photographie-exposition-aubery-martinique-13-metro-lecaire-634x439.jpg\" width=\"634\" height=\"439\" align=\"left\" title=\"001-PP-claude-yacoub-photographie-exposition-aubery-martinique-13-metro-lecaire\" \/><\/a><\/div><\/div><\/div><div class=\"gallery-row\" style=\"width: 1915px; height: 664px;\"><div class=\"gallery-group images-1\" style=\"width: 964px; height: 668px;\"><div class=\"tiled-gallery-item tiled-gallery-item-large\"><a href=\"https:\/\/claudeyacoub.com\/001-pp-claude-yacoub-photographie-exposition-aubery-martinique-14-amnesty-paris\/\"><img data-attachment-id=\"1061\" data-orig-file=\"https:\/\/claudeyacoub.com\/wp-content\/uploads\/2019\/03\/001-PP-claude-yacoub-photographie-exposition-aubery-martinique-14-amnesty-paris.jpg\" data-orig-size=\"984,681\" data-comments-opened=\"0\" data-image-meta=\"{&quot;aperture&quot;:&quot;0&quot;,&quot;credit&quot;:&quot;&quot;,&quot;camera&quot;:&quot;&quot;,&quot;caption&quot;:&quot;&quot;,&quot;created_timestamp&quot;:&quot;0&quot;,&quot;copyright&quot;:&quot;&quot;,&quot;focal_length&quot;:&quot;0&quot;,&quot;iso&quot;:&quot;0&quot;,&quot;shutter_speed&quot;:&quot;0&quot;,&quot;title&quot;:&quot;&quot;,&quot;orientation&quot;:&quot;1&quot;}\" data-image-title=\"001-PP-claude-yacoub-photographie-exposition-aubery-martinique-14-amnesty-paris\" data-image-description=\"\" data-medium-file=\"https:\/\/claudeyacoub.com\/wp-content\/uploads\/2019\/03\/001-PP-claude-yacoub-photographie-exposition-aubery-martinique-14-amnesty-paris-300x208.jpg\" data-large-file=\"https:\/\/claudeyacoub.com\/wp-content\/uploads\/2019\/03\/001-PP-claude-yacoub-photographie-exposition-aubery-martinique-14-amnesty-paris.jpg\" src=\"https:\/\/claudeyacoub.com\/wp-content\/uploads\/2019\/03\/001-PP-claude-yacoub-photographie-exposition-aubery-martinique-14-amnesty-paris-960x664.jpg\" width=\"960\" height=\"664\" align=\"left\" title=\"001-PP-claude-yacoub-photographie-exposition-aubery-martinique-14-amnesty-paris\" \/><\/a><\/div><\/div><div class=\"gallery-group images-1\" style=\"width: 951px; height: 668px;\"><div class=\"tiled-gallery-item tiled-gallery-item-large\"><a href=\"https:\/\/claudeyacoub.com\/001-pp-claude-yacoub-photographie-exposition-aubery-martinique-16-amoureux-seine-paris\/\"><img data-attachment-id=\"1063\" data-orig-file=\"https:\/\/claudeyacoub.com\/wp-content\/uploads\/2019\/03\/001-PP-claude-yacoub-photographie-exposition-aubery-martinique-16-amoureux-seine-paris.jpg\" data-orig-size=\"1011,709\" data-comments-opened=\"0\" data-image-meta=\"{&quot;aperture&quot;:&quot;0&quot;,&quot;credit&quot;:&quot;&quot;,&quot;camera&quot;:&quot;&quot;,&quot;caption&quot;:&quot;&quot;,&quot;created_timestamp&quot;:&quot;0&quot;,&quot;copyright&quot;:&quot;&quot;,&quot;focal_length&quot;:&quot;0&quot;,&quot;iso&quot;:&quot;0&quot;,&quot;shutter_speed&quot;:&quot;0&quot;,&quot;title&quot;:&quot;&quot;,&quot;orientation&quot;:&quot;1&quot;}\" data-image-title=\"001-PP-claude-yacoub-photographie-exposition-aubery-martinique-16-amoureux-seine-paris\" data-image-description=\"\" data-medium-file=\"https:\/\/claudeyacoub.com\/wp-content\/uploads\/2019\/03\/001-PP-claude-yacoub-photographie-exposition-aubery-martinique-16-amoureux-seine-paris-300x210.jpg\" data-large-file=\"https:\/\/claudeyacoub.com\/wp-content\/uploads\/2019\/03\/001-PP-claude-yacoub-photographie-exposition-aubery-martinique-16-amoureux-seine-paris.jpg\" src=\"https:\/\/claudeyacoub.com\/wp-content\/uploads\/2019\/03\/001-PP-claude-yacoub-photographie-exposition-aubery-martinique-16-amoureux-seine-paris-947x664.jpg\" width=\"947\" height=\"664\" align=\"left\" title=\"001-PP-claude-yacoub-photographie-exposition-aubery-martinique-16-amoureux-seine-paris\" \/><\/a><\/div><\/div><\/div><\/div>\n","protected":false},"excerpt":{"rendered":"<p>Photographies expos\u00e9es au ch\u00e2teau Aub\u00e9ry,\u00a0Ducos, Martinique, lors d&#8217;une soir\u00e9e organis\u00e9e par Histoires d&#8217;amuser la galerie &nbsp; &nbsp; &nbsp; Clich\u00e9s pris avec la main, \u0153il absent,&hellip; <\/p>\n","protected":false},"author":1,"featured_media":1064,"comment_status":"closed","ping_status":"closed","sticky":false,"template":"","format":"standard","meta":{"pgc_sgb_lightbox_settings":"","footnotes":""},"categories":[4],"tags":[31,94],"_links":{"self":[{"href":"https:\/\/claudeyacoub.com\/index.php\/wp-json\/wp\/v2\/posts\/1047"}],"collection":[{"href":"https:\/\/claudeyacoub.com\/index.php\/wp-json\/wp\/v2\/posts"}],"about":[{"href":"https:\/\/claudeyacoub.com\/index.php\/wp-json\/wp\/v2\/types\/post"}],"author":[{"embeddable":true,"href":"https:\/\/claudeyacoub.com\/index.php\/wp-json\/wp\/v2\/users\/1"}],"replies":[{"embeddable":true,"href":"https:\/\/claudeyacoub.com\/index.php\/wp-json\/wp\/v2\/comments?post=1047"}],"version-history":[{"count":11,"href":"https:\/\/claudeyacoub.com\/index.php\/wp-json\/wp\/v2\/posts\/1047\/revisions"}],"predecessor-version":[{"id":6006,"href":"https:\/\/claudeyacoub.com\/index.php\/wp-json\/wp\/v2\/posts\/1047\/revisions\/6006"}],"wp:featuredmedia":[{"embeddable":true,"href":"https:\/\/claudeyacoub.com\/index.php\/wp-json\/wp\/v2\/media\/1064"}],"wp:attachment":[{"href":"https:\/\/claudeyacoub.com\/index.php\/wp-json\/wp\/v2\/media?parent=1047"}],"wp:term":[{"taxonomy":"category","embeddable":true,"href":"https:\/\/claudeyacoub.com\/index.php\/wp-json\/wp\/v2\/categories?post=1047"},{"taxonomy":"post_tag","embeddable":true,"href":"https:\/\/claudeyacoub.com\/index.php\/wp-json\/wp\/v2\/tags?post=1047"}],"curies":[{"name":"wp","href":"https:\/\/api.w.org\/{rel}","templated":true}]}}